{"id":2922,"date":"2014-06-25T14:45:28","date_gmt":"2014-06-25T12:45:28","guid":{"rendered":"http:\/\/www.easistent.ro\/?p=2922"},"modified":"2014-07-29T10:34:08","modified_gmt":"2014-07-29T08:34:08","slug":"interviu-cu-doamna-cornelia-nastase-director-de-ingrijiri-la-spitalul-dr-victor-babes","status":"publish","type":"post","link":"https:\/\/www.easistent.ro\/?p=2922","title":{"rendered":"Interviu cu doamna Cornelia N\u0103stase, Director de \u00cengrijiri la Spitalul \u201cDr. Victor Babe\u0219\u201d,"},"content":{"rendered":"<p><a href=\"http:\/\/www.easistent.ro\/new\/wp-content\/uploads\/2014\/06\/interviu.jpg\"><img class=\"alignleft size-full wp-image-2923\" src=\"http:\/\/www.easistent.ro\/new\/wp-content\/uploads\/2014\/06\/interviu.jpg\" alt=\"interviu\" width=\"172\" height=\"228\" \/><\/a><\/p>\n<p><strong><em>\u201dAm un vis m\u0103re\u021b, un ideal. S\u0103 lucrez \u00eentr-un sistem \u00een care se pune foarte mult\u0103 valoare pe resursa uman\u0103 \u2013 infirmier\u0103, asistent, medic\u201d <\/em><\/strong>ne-a m\u0103rturisit doamna Cornelia N\u0103stase, Director de \u00cengrijiri, Asistent Medical Principal la Spitalul Clinic de Boli Infec\u021bioase \u0219i Tropicale \u201cDr. Victor Babe\u0219\u201d, \u00eentr-un interviu acordat e-Asistent.<\/p>\n<p>&nbsp;<\/p>\n<p><strong><em>Povesti\u021bi-ne care a fost parcursul dumneavoastr\u0103 profesional \u2013 cum a \u00eenceput, ce a urmat?<\/em><\/strong><\/p>\n<p>E un parcurs lung. Am acumulat o mare experien\u021b\u0103 profesional\u0103. M-am angajat, \u00een anul 1982, la Spitalul Jude\u021bean din Slatina, prin reparti\u021bie. Am lucrat \u00een sec\u021bia medical\u0103, timp de 4 ani \u0219i jum\u0103tate. Dup\u0103 care, m-am c\u0103s\u0103torit \u0219i am venit \u00een Bucure\u0219ti.<\/p>\n<p>Din anul 1987, sunt \u00een Spitalul Clinic de Boli Infec\u021bioase \u0219i Tropicale \u201dDr. Victor Babe\u0219\u201d. Am lucrat \u00een mai multe sec\u021bii: ca asistent medical, \u00een sec\u021bia Diverse Adul\u021bi, p\u00e2n\u0103 \u00een anul 1994, apoi, la Camera de Gard\u0103, ca asistent medical \u0219i, din anul 1999 p\u00e2n\u0103 \u00een 2005, am fost coordonator al Camerei de Gard\u0103. \u00cen paralel, asiguram \u0219i serviciul de Bronhologie.<\/p>\n<p>\u00cen anul 2006, m-am mutat \u00een sec\u021bia 6 de Boli Infec\u021bioase, ca Asistent \u0218ef \u0219i am coordonat, \u00een acela\u0219i timp, pentru 1 an, \u0219i Camera de Gard\u0103, p\u00e2n\u0103 am g\u0103sit pe cineva care s\u0103 o preia. Recunosc c\u0103 a fost un an foarte greu.<\/p>\n<p><strong><em>De ce era dificil s\u0103 transfera\u021bi aceast\u0103 responsabilitate? Nu g\u0103sea\u021bi pe cineva potrivit?<\/em><\/strong><\/p>\n<p>Nu era nimeni dornic s\u0103 o preia. Camera de Gard\u0103 este un punct fierbinte al oric\u0103rui spital. Sunt multe presiuni \u0219i multe responsabilit\u0103\u021bi. \u00centr-un final, am reu\u0219it s\u0103 formez pe cineva \u0219i a \u0219i acceptat. Nu po\u021bi for\u021ba pe nimeni s\u0103 preia o anumit\u0103 r\u0103spundere.<\/p>\n<p>Dup\u0103 aceea, am r\u0103mas cu sec\u021bia, unde am coordonat activitatea p\u00e2n\u0103 \u00een anul 2010, c\u00e2nd mi s-a propus func\u021bia de Director de \u00cengrijiri. Un an de zile am fost Director de \u00cengrijiri cu delega\u021bie, p\u00e2n\u0103 s-a organizat examenul, \u00een anul 2011. De atunci sunt Director de \u00cengrijiri. Acum, \u00eentr-un nou mandat, proasp\u0103t reconfirmat\u0103.<\/p>\n<p>Acesta a fost parcursul. Cu mult\u0103 experien\u021b\u0103 acumulat\u0103 de-a lungul anilor, care a contribuit la formarea mea.<\/p>\n<p><strong><em>Ce responsabilit\u0103\u021bi presupune func\u021bia aceasta de Director de \u00cengrijiri? <\/em><\/strong><\/p>\n<p>Foarte multe. Pe l\u00e2ng\u0103 cele profesionale care intr\u0103, din start, \u00een responsabilitatea unui \u0219ef de echip\u0103, sunt multe responsabilit\u0103\u021bi privind coordonarea, organizarea, controlul \u0219i evaluarea activit\u0103\u021bii \u00eentregii echipe de \u00eengrijire, asisten\u021bi medicali \u0219i infirmiere, \u0219i, bine\u00een\u021beles, colaborarea cu toate structurile spitalului.<\/p>\n<p>Pe l\u00e2ng\u0103 toate aceste responsabilit\u0103\u021bi, func\u021bia implic\u0103 \u0219i multe calit\u0103\u021bi umane. Noi lucr\u0103m cu oamenii, printre oameni. Ca director de \u00eengrijiri, trebuie s\u0103 ai toate capacit\u0103\u021bile umane care s\u0103-\u021bi asigure o bun\u0103 comunicare \u0219i colaborare.<\/p>\n<p><strong><em>\u00cemi pute\u021bi da exemplu de calit\u0103\u021bi \u0219i activit\u0103\u021bi cerute de aceast\u0103 func\u021bie? Men\u021biona\u021bi-le pe cele pe care le considera\u021bi cele mai importante.<\/em><\/strong><\/p>\n<p>\u00cent\u00e2lnirea s\u0103pt\u0103m\u00e2nal\u0103 cu Asisten\u021bii \u0218efi. Aici, dezbatem ce probleme s-au ivit, ce avem de f\u0103cut, cu ce propuneri vine echipa, ce nout\u0103\u021bi apar. Comunic\u0103m foarte bine. Chiar pot s\u0103 spun c\u0103 am un colectiv unitar, dedicat.<\/p>\n<p>Calit\u0103\u021bi? Comunicarea! Cea mai important\u0103 calitate este aceea de a putea comunica cu toate categoriile de personal. \u0218tim foarte bine c\u0103 lumea medical\u0103 e o lume a orgoliilor.Toat\u0103 lumea vrea s\u0103 fie valorizat\u0103 \u0219i trebuie s\u0103 ai capacitatea s\u0103-i acorzi fiec\u0103ruia valoarea pe care o merit\u0103 \u0219i o dore\u0219te.<\/p>\n<p>Datorit\u0103 echipei, m\u0103 descurc foarte bine, fiindc\u0103 asistentele \u0219efe din acest spital sunt foarte deschise. Sunt de toate v\u00e2rstele. Avem \u0219i asisten\u021bi \u0219efi foarte tineri, dar \u0219i de v\u00e2rsta mea. Nu conteaz\u0103 acest lucru. Eu m\u0103 simt ca ele, \u00eentre ele. M\u0103 simt ca ele pentru c\u0103 am trecut prin toate etapele \u0219i nu am uitat. E ca rolul de mam\u0103. \u00cemi aduc aminte to\u021bi anii \u0219i \u00een\u021beleg toate capriciile \u0219i toate dorin\u021bele copilului, pentru ca \u0219i eu am fost copil \u0219i \u0219tiu ce m-a durut, ce n-am avut, ce mi-am dorit.<\/p>\n<p><strong><em>Ce condi\u021bii ar trebui \u00eendeplinite pentru ca rela\u021bia medic-asistent, o rela\u021bie foarte complex\u0103\u0219i foarte important\u0103, s\u0103 fie una foarte bun\u0103, spre binele pacientului?<\/em><\/strong><\/p>\n<p>Revin la comunicare. Pun comunicarea pe primul plan, pe urm\u0103 respectul reciproc, aprecierea reciproc\u0103 \u0219i recunoa\u0219terea rolului \u0219i locului \u00een echipa de \u00eengrijri a fiecarui membru, de la \u00eengrijitoare, la infirmier\u0103, la medic, la asistent. Coeziunea echipei.<\/p>\n<p><strong><em>A\u021bi pune comunicarea chiar \u00eenaintea preg\u0103tirii?<\/em><\/strong><\/p>\n<p>Da. \u0218i spun aceasta fiindc\u0103 pentru accesul \u00eentr-o institutie se d\u0103 un examen, se testeaz\u0103 capacitatea profesional\u0103. Adic\u0103, sunt foarte multe etape, p\u00e2n\u0103 c\u00e2nd ajungi s\u0103-\u021bi desf\u0103\u0219ori activitatea \u00eentr-o sec\u021bie. Dar, c\u00e2nd ajungi \u00eentr-o echip\u0103, trebuie s\u0103 ai anumite tr\u0103s\u0103turi de caracter. Profesional, \u00eenve\u021bi mereu. Dar,c\u00e2nd este vorba despre caracter, este mai greu.<\/p>\n<p><strong><em>Care este cea mai emo\u021bionant\u0103 clip\u0103 din colaborarea cu un medic, de-a lungul activit\u0103\u021bii dumneavoastr\u0103 de peste 20 de ani?<\/em><\/strong><\/p>\n<p>Sunt foarte multe astfel de momente. Au fost momente de criz\u0103 privind situa\u021bia \u00een care se afla un pacient, mai ales la Camera de Gard\u0103, momente \u00een care am pierdut un pacient sau am salvat un pacient\u2026Dar, cred ca a\u0219 descrie, totu\u0219i,un moment pozitiv, deschiderea laboratorului de Bronhologie. \u0218i de ce mi-am ales asta? Fiindc\u0103 era o echip\u0103 nou\u0103 \u00een spital, \u00een momentul respectiv, echipa de pneumologie. Nu ne cuno\u0219team \u00eentre noi foarte bine atunci. Totu\u0219i am primit un vot de \u00eencredere din partea Dnei Dr. Lia Popescu. Cu d\u00e2nsa am colaborat. Am mers la Filaret. Ne-am zb\u0103tut. Am \u00eencercat s\u0103 ob\u021binem aparatur\u0103, acreditare\u0219i s\u0103 deschidem Laboratorul de Bronhologie, care era minimul necesar pentru o sec\u021bie de pneumologie. Noi, fiind spital de boli infec\u021bioase, nu avusesem a\u0219a ceva. \u0218i, succesul pe care l-am ob\u021binut \u00een demersul nostru, a fost o reu\u0219ita \u0219i un moment care m-au emo\u021bionat pozitiv<\/p>\n<p><strong><em>Cum vede\u021bi rolul OAMMR \u0219i sprijinul pe care vi l-a\u021bi dori din partea Ordinului pentru a cre\u0219te profesia dumneavoastr\u0103?<\/em><\/strong><\/p>\n<p>Consider care are un rol foarte important, \u00een general, \u0219i, filiala din Bucure\u0219i, \u00een special. \u00cen primul r\u00e2nd, fiindc\u0103 a reu\u0219it s\u0103 dezvolte o con\u0219tiin\u021b\u0103 a apartenen\u021bei la profesie. Eram cumva ai nim\u0103nui, ai spitalului sau ai echipei. Acum suntem o organiza\u021bie. Sim\u021bim c\u0103 apar\u021binem, c\u0103 avem un cuv\u00e2nt de spus, c\u0103 ne reprezint\u0103 cineva. Aceasta mi se pare foarte important, pentru c\u0103 a dus \u0219i la cre\u0219terea interesului pentru profesie \u00een r\u00e2ndul nostru, al asisten\u021bilor medicali. Este un important organism de reprezentare a calit\u0103\u021bii actului medical, care promoveaz\u0103 dezvoltarea profesional\u0103, prin organizarea acelor cursuri de formare continu\u0103. Ne sim\u021bim ca \u021binem aproape. \u0218i, \u00een ultimii ani, chiar am sim\u021bit o dinamic\u0103 \u00een activitatea Ordinului. Cred c\u0103 \u0219i colegele simt la fel. \u0218i ele \u00eemi transmit acela\u0219i lucru.<\/p>\n<p>A fost a\u0219a, un moment de rezerv\u0103, de re\u021binere, c\u00e2nd au avut loc schimb\u0103rile cu organizarea cursurilor, dar, pe urm\u0103, s-a v\u0103zut eficien\u021ba lor. Te sim\u021bi altfel c\u00e2nd e\u0219ti acolo, printre ai t\u0103i, c\u00e2nd auzi lucruri noi \u0219i \u00eenve\u021bi de la al\u021bii. Vezi c\u0103 e\u0219ti considerat important \u00een echip\u0103 \u0219i-\u021bi cre\u0219te \u0219i \u021bie stima de sine. Este un lucru bun.<\/p>\n<p><strong><em>Crede\u021bi c\u0103 asisten\u021bii medicali, asisten\u021bii \u0219efi cu care lucra\u021bi mai \u00eendeaproape, sunt m\u00e2ndri de profesia lor?<\/em><\/strong><\/p>\n<p>Marea majoritate, da! Poate ar fi ceva de schimbat pentru asisten\u021bii de farmacie. Ei se simt mai pu\u021bin inclu\u0219i, mai pu\u021bin \u00een prim plan. Poate ar trebui f\u0103cut ceva \u0219i pentru ei, cum s-a f\u0103cut \u0219i pentru moa\u0219e, de exemplu.<\/p>\n<p><strong><em>Ce vis profesional ave\u021bi?<\/em><\/strong><\/p>\n<p>Am un vis m\u0103re\u021b, un ideal. S\u0103 lucrez \u00eentr-un sistem \u00een care se pune foarte mult\u0103 valoare pe resursa uman\u0103 \u2013 infirmier\u0103, asistent, medic \u2013 aceasta \u00eensemn\u00e2nd o normare optim\u0103, real\u0103, a personalului. Spun acest lucru fiindc\u0103 lucr\u0103m sub normativ, lucr\u0103m sub o foarte mare presiune, o foarte mare \u00eenc\u0103rc\u0103tur\u0103 emo\u021bional\u0103, fizic\u0103, care atrage multe nemul\u021bumiri, sentimente de ne\u00eemplinire, sc\u0103derea motiva\u021biei. Acesta este marele meu vis.<\/p>\n<p>\u0218i, nu \u00een ultimul r\u00e2nd, s\u0103 ob\u021binem acreditarea spitalului, cu colaborarea \u00eentregii echipe din spital.<\/p>\n<p><strong><em>\u0218i pe plan personal? Ce v-a\u021bi mai dori s\u0103 face\u021bi?<\/em><\/strong><\/p>\n<p>Trebuie s\u0103 m\u0103rturisesc c\u0103 mai am o alt\u0103 activitate. M-am format ca psiholog \u0219i am un vis \u00een acest sens, s\u0103 lucrez \u00een consiliere psihologic\u0103. C\u00e2nd \u0219i c\u00e2nd mai lucrez. Sunt membru al Colegiului Psihologilor \u0219i consider c\u0103 cele dou\u0103 profesii se \u00eembin\u0103 foarte bine.<\/p>\n<p>Bine\u00een\u021beles c\u0103 este timp \u0219i pentru alte proiecte, pe linie profesional\u0103, at\u00e2t ca asistent medical c\u00e2t \u0219i ca psiholog.<\/p>\n<p>\u00cens\u0103, pe plan personal, cea mai frumoas\u0103 \u0219i important\u0103 \u00eemplinire este fiica mea care, cum este \u0219i normal, ocup\u0103 un prim loc \u00een preocup\u0103rile \u0219i planurile mele de viitor.<\/p>\n<p>&nbsp;<\/p>\n<p>&nbsp;<\/p>\n","protected":false},"excerpt":{"rendered":"<p>\u201dAm un vis m\u0103re\u021b, un ideal. S\u0103 lucrez \u00eentr-un sistem \u00een care se pune foarte mult\u0103 valoare pe resursa uman\u0103 \u2013 infirmier\u0103, asistent, medic\u201d ne-a m\u0103rturisit doamna Cornelia N\u0103stase, Director de \u00cengrijiri, Asistent Medical Principal la Spitalul Clinic de Boli Infec\u021bioase \u0219i Tropicale \u201cDr. Victor Babe\u0219\u201d, \u00eentr-un interviu acordat e-Asistent. &nbsp; Povesti\u021bi-ne care a fost [&hellip;]<\/p>\n","protected":false},"author":3,"featured_media":2923,"comment_status":"closed","ping_status":"closed","sticky":false,"template":"","format":"standard","meta":[],"categories":[152,12],"tags":[],"_links":{"self":[{"href":"https:\/\/www.easistent.ro\/index.php?rest_route=\/wp\/v2\/posts\/2922"}],"collection":[{"href":"https:\/\/www.easistent.ro\/index.php?rest_route=\/wp\/v2\/posts"}],"about":[{"href":"https:\/\/www.easistent.ro\/index.php?rest_route=\/wp\/v2\/types\/post"}],"author":[{"embeddable":true,"href":"https:\/\/www.easistent.ro\/index.php?rest_route=\/wp\/v2\/users\/3"}],"replies":[{"embeddable":true,"href":"https:\/\/www.easistent.ro\/index.php?rest_route=%2Fwp%2Fv2%2Fcomments&post=2922"}],"version-history":[{"count":0,"href":"https:\/\/www.easistent.ro\/index.php?rest_route=\/wp\/v2\/posts\/2922\/revisions"}],"wp:featuredmedia":[{"embeddable":true,"href":"https:\/\/www.easistent.ro\/index.php?rest_route=\/wp\/v2\/media\/2923"}],"wp:attachment":[{"href":"https:\/\/www.easistent.ro\/index.php?rest_route=%2Fwp%2Fv2%2Fmedia&parent=2922"}],"wp:term":[{"taxonomy":"category","embeddable":true,"href":"https:\/\/www.easistent.ro\/index.php?rest_route=%2Fwp%2Fv2%2Fcategories&post=2922"},{"taxonomy":"post_tag","embeddable":true,"href":"https:\/\/www.easistent.ro\/index.php?rest_route=%2Fwp%2Fv2%2Ftags&post=2922"}],"curies":[{"name":"wp","href":"https:\/\/api.w.org\/{rel}","templated":true}]}}