{"id":3346,"date":"2015-03-23T13:19:21","date_gmt":"2015-03-23T11:19:21","guid":{"rendered":"http:\/\/www.easistent.ro\/?p=3346"},"modified":"2015-04-30T11:01:36","modified_gmt":"2015-04-30T09:01:36","slug":"sa-depistam-sa-tratam-si-sa-vindecam-toate-cazurile-deviza-efortului-global-de-a-eradica-tuberculoza-24-martie-ziua-internationale-de-lupta-impotriva-tuberculozei","status":"publish","type":"post","link":"https:\/\/www.easistent.ro\/?p=3346","title":{"rendered":"\u201cS\u0103 depist\u0103m, s\u0103 tratam \u0219i s\u0103 vindec\u0103m toate cazurile!\u201d \u2013 deviza efortului global de a eradica tuberculoza. 24 Martie &#8211; Ziua Interna\u021bionale de Lupt\u0103 \u00eempotriva Tuberculozei"},"content":{"rendered":"<p><a href=\"http:\/\/www.easistent.ro\/new\/wp-content\/uploads\/2015\/03\/tbc.png\"><img class=\"alignleft size-medium wp-image-3340\" src=\"http:\/\/www.easistent.ro\/new\/wp-content\/uploads\/2015\/03\/tbc-300x182.png\" alt=\"tbc\" width=\"300\" height=\"182\" srcset=\"https:\/\/www.easistent.ro\/new\/wp-content\/uploads\/2015\/03\/tbc-300x182.png 300w, https:\/\/www.easistent.ro\/new\/wp-content\/uploads\/2015\/03\/tbc.png 445w\" sizes=\"(max-width: 300px) 100vw, 300px\" \/><\/a>Mul\u021bi dintre noi credem c\u0103 tuberculoza este o boal\u0103 a trecutului, care nu mai prezint\u0103 niciun pericol pentru noi. \u0218i totu\u0219i\u2026\u00cen ultima perioad\u0103, \u00een mass media apar tot mai multe \u0219tiri care ar trebui s\u0103 mobilizeze at\u00e2t autorit\u0103\u021bile, c\u00e2t \u0219i pe noi, cet\u0103\u021benii obi\u0219nui\u021bi.<\/p>\n<p>Pe 4 martie, o \u0219tire difuzat\u0103 de TVR anun\u021ba c\u0103, la Arad, o \u00eenv\u0103\u021b\u0103toare \u0219i o educatoare au fost diagnosticate cu TBC \u00een stadiu avansat \u0219i c\u0103 elevii lor ar trebui s\u0103 urmeze un tratament pentru a preveni \u00eemboln\u0103virea.<\/p>\n<p>\u00cen ciuda progreselor f\u0103cute \u00een ultimii 12 ani, Rom\u00e2nia are,cu cei 30,000 de bolnavi de tuberculoz\u0103 ai s\u0103i, aproape un sfert din cazurile \u00eenregistrate \u00een UE, una dintre cauze fiind \u0219i rata scazut\u0103 de succes al tratamentului.<\/p>\n<p>Celebrarea pe 24 martie a Zilei Interna\u021bionale de Lupt\u0103 \u00eempotriva Tuberculozei este deci un binevenit prilej de con\u0219tientizare a faptului c\u0103 aceast\u0103 boal\u0103 este \u00eenca o problema de s\u0103n\u0103tate public\u0103 \u00een Rom\u00e2nia, chiar \u0219i dup\u0103 mai bine de 130 de ani de c\u00e2nd Dr. Robert Koch anun\u021ba descoperirea bacilului care produce boala.<\/p>\n<p>Cu aproape o lun\u0103 \u00een urm\u0103, Ministerul S\u0103n\u0103t\u0103\u021bii a aprobat Strategia Na\u021bional\u0103 de Control al Tuberculozei, un pas important \u00een sprijinirea eforturilor de prevenire, screening, diagnosticare, tratament \u0219i aderen\u021ba la tratament, deoarece aceast\u0103 m\u0103sur\u0103 face posibil\u0103 mobilizarea de resurse \u0219i din fondurile structurale ale perioadei de programare european\u0103 2015-2020, precum \u0219i din alte fonduri europene nerambursabile.<\/p>\n<p>Strategia, bazat\u0103 pe studii efectuate \u00een \u021bar\u0103 \u0219i recomand\u0103ri ale Organiza\u021biei Mondiale a S\u0103n\u0103t\u0103\u021bii, va permite cre\u0219terea eficacit\u0103\u021bii \u0219i rigurozit\u0103\u021bii luptei de combatere a tuberculozei, aspecte esen\u021biale pentru atingerea \u021bintei ambi\u021bioase de eliminare a TBC-ului ca problem\u0103 de s\u0103n\u0103tate public\u0103 p\u00e2n\u0103 \u00een 2050.<\/p>\n<p>Celebrarea de anul acesta a Zilei Interna\u021bionale de Lupt\u0103 \u00eempotriva Tuberculozei \u00ee\u0219i propune s\u0103 alerteze Ministerele S\u0103n\u0103t\u0103\u021bii din toat\u0103 lumea asupra urgen\u021bei problemei TBC-ului la nivel global, regional \u0219i national, subliniind prin sloganul \u201c<strong>S\u0103 depist\u0103m, s\u0103 tratam \u0219i s\u0103 vindec\u0103m toate cazurile!\u201d,<\/strong> situa\u021bia inacceptabil\u0103 de acum, c\u00e2nd multe cazuri r\u0103m\u00e2n nediagnosticate, netratate sau nevindecate. Rezolvarea acestei situa\u021bii cere tuturor celor implica\u021bi \u00een Programele Na\u021bionale de Control al Tuberculozei s\u0103 \u00eembun\u0103t\u0103\u021beasc\u0103 calitatea programelor existente \u0219i accesul la serviciile si \u00eengrijirile necesare.<\/p>\n<p>Progresele f\u0103cute \u00een reducerea ratei de inciden\u021b\u0103 a TBC-ului au fost mici \u00een ultimii ani, nu numai in Romania, ci \u0219i la nivel mondial. Una dintre cauze \u021bine de zona preven\u021biei, vaccinul av\u00e2nd deja 90 de ani \u0219i fiind din ce \u00een ce mai lipsit de eficacitate, schemele de tratament sunt lungi, complicate \u0219i cu efecte secundare serioase.<\/p>\n<p>Toate acestea se pot schimba, exist\u0103, totu\u0219i, motive \u00eentemeiate pentru a fi \u00eencrez\u0103tori c\u0103 progresul \u00een reducerea ratei de inciden\u021b\u0103 a TBC se poate accelera, la fel ca \u0219i cre\u0219terea ratei de succes al tratamentelor, pentru eradicarea pandemiei de TBC la nivel global p\u00e2n\u0103 \u00een 2035. C\u00e2teva dintre m\u0103surile inovatoare care pot ajuta \u00een aceast\u0103 privin\u021b\u0103 ar fi: 1) C\u0103utarea proactiv\u0103 a cazurilor de TBC \u00een grupurile cele mai vulnerabile; 2) Folosirea extensiv\u0103 a instrumentelor \u0219i platformelor tehnologiei informa\u021bionale \u0219i de comunica\u021bii; 3) Crearea de parteneriate cu organiza\u021bii implicate \u00een lupta contra fumatului, organiza\u021bii implicate \u00een promovarea unei nutri\u021bii s\u0103n\u0103toase, precum \u0219i cu parteneri din domeniul dezvolt\u0103rii sociale, planific\u0103rii urbane \u0219i din sectorul privat.<\/p>\n<p>&nbsp;<\/p>\n<p><strong><em>Articol realizat de Mirela Musta\u021b\u0103, Redactor E-Asistent, Specialist \u00een comunicare \u0219i rela\u021bii publice, PhD.<\/em><\/strong><\/p>\n<p><strong>Surse de documentare:<\/strong><\/p>\n<p><a href=\"http:\/\/www.arb-tb.ro\/actualitati.html\">http:\/\/www.arb-tb.ro\/actualitati.html<\/a><\/p>\n<p><a href=\"http:\/\/www.stoptb.org\/news\/stories\/2015\/ns15_007.asp\">http:\/\/www.stoptb.org\/news\/stories\/2015\/ns15_007.asp<\/a><\/p>\n<p><a href=\"http:\/\/www.fighttb2015.eu\/\">www.fighttb2015.eu<\/a>\u00a0<a href=\"https:\/\/www.facebook.com\/hashtag\/fighttb2015?source=feed_text&amp;story_id=1563479083936971\">\u202a#\u200eFightTB2015<\/a><\/p>\n<p><a href=\"http:\/\/stiri.tvr.ro\/profesoare-bolnave-de-tbc-in-arad-elevii-ar-trebui-sa-urmeze-un-tratament-preventiv_57342.html#sthash.k8om2Nyh.F2H5EOif.dpuf\">http:\/\/stiri.tvr.ro\/profesoare-bolnave-de-tbc-in-arad-elevii-ar-trebui-sa-urmeze-un-tratament-preventiv_57342.html#sthash.k8om2Nyh.F2H5EOif.dpuf<\/a><\/p>\n<p><a href=\"http:\/\/www.ms.ro\/?pag=62&amp;id=14644&amp;pg=1\">http:\/\/www.ms.ro\/?pag=62&amp;id=14644&amp;pg=1<\/a><\/p>\n","protected":false},"excerpt":{"rendered":"<p>Mul\u021bi dintre noi credem c\u0103 tuberculoza este o boal\u0103 a trecutului, care nu mai prezint\u0103 niciun pericol pentru noi. \u0218i totu\u0219i\u2026\u00cen ultima perioad\u0103, \u00een mass media apar tot mai multe \u0219tiri care ar trebui s\u0103 mobilizeze at\u00e2t autorit\u0103\u021bile, c\u00e2t \u0219i pe noi, cet\u0103\u021benii obi\u0219nui\u021bi. Pe 4 martie, o \u0219tire difuzat\u0103 de TVR anun\u021ba c\u0103, la [&hellip;]<\/p>\n","protected":false},"author":3,"featured_media":3340,"comment_status":"closed","ping_status":"closed","sticky":false,"template":"","format":"standard","meta":[],"categories":[152,6],"tags":[],"_links":{"self":[{"href":"https:\/\/www.easistent.ro\/index.php?rest_route=\/wp\/v2\/posts\/3346"}],"collection":[{"href":"https:\/\/www.easistent.ro\/index.php?rest_route=\/wp\/v2\/posts"}],"about":[{"href":"https:\/\/www.easistent.ro\/index.php?rest_route=\/wp\/v2\/types\/post"}],"author":[{"embeddable":true,"href":"https:\/\/www.easistent.ro\/index.php?rest_route=\/wp\/v2\/users\/3"}],"replies":[{"embeddable":true,"href":"https:\/\/www.easistent.ro\/index.php?rest_route=%2Fwp%2Fv2%2Fcomments&post=3346"}],"version-history":[{"count":0,"href":"https:\/\/www.easistent.ro\/index.php?rest_route=\/wp\/v2\/posts\/3346\/revisions"}],"wp:featuredmedia":[{"embeddable":true,"href":"https:\/\/www.easistent.ro\/index.php?rest_route=\/wp\/v2\/media\/3340"}],"wp:attachment":[{"href":"https:\/\/www.easistent.ro\/index.php?rest_route=%2Fwp%2Fv2%2Fmedia&parent=3346"}],"wp:term":[{"taxonomy":"category","embeddable":true,"href":"https:\/\/www.easistent.ro\/index.php?rest_route=%2Fwp%2Fv2%2Fcategories&post=3346"},{"taxonomy":"post_tag","embeddable":true,"href":"https:\/\/www.easistent.ro\/index.php?rest_route=%2Fwp%2Fv2%2Ftags&post=3346"}],"curies":[{"name":"wp","href":"https:\/\/api.w.org\/{rel}","templated":true}]}}