{"id":7178,"date":"2021-08-31T09:34:25","date_gmt":"2021-08-31T07:34:25","guid":{"rendered":"https:\/\/www.easistent.ro\/?p=7178"},"modified":"2021-09-28T12:18:38","modified_gmt":"2021-09-28T10:18:38","slug":"vara-vine-cu-modificari-importante-aduse-de-noul-contract-cadru-in-sanatate","status":"publish","type":"post","link":"https:\/\/www.easistent.ro\/?p=7178","title":{"rendered":"Vara vine cu modific\u0103ri importante aduse de noul Contract-Cadru \u00een S\u0103n\u0103tate"},"content":{"rendered":"\n<div class=\"wp-block-image is-style-default\"><figure class=\"alignleft size-large is-resized\"><a href=\"https:\/\/www.easistent.ro\/new\/wp-content\/uploads\/2021\/08\/poza-mazilu.jpg\"><img src=\"https:\/\/www.easistent.ro\/new\/wp-content\/uploads\/2021\/08\/poza-mazilu-736x1024.jpg\" alt=\"\" class=\"wp-image-7153\" width=\"269\" height=\"373\" srcset=\"https:\/\/www.easistent.ro\/new\/wp-content\/uploads\/2021\/08\/poza-mazilu-736x1024.jpg 736w, https:\/\/www.easistent.ro\/new\/wp-content\/uploads\/2021\/08\/poza-mazilu-216x300.jpg 216w, https:\/\/www.easistent.ro\/new\/wp-content\/uploads\/2021\/08\/poza-mazilu-768x1069.jpg 768w, https:\/\/www.easistent.ro\/new\/wp-content\/uploads\/2021\/08\/poza-mazilu.jpg 1148w\" sizes=\"(max-width: 269px) 100vw, 269px\" \/><\/a><\/figure><\/div>\n\n\n\n<p>La finalul lunii iulie, Guvernul Rom\u00e2niei a adoptat Hot\u0103r\u00e2rea pentru aprobarea pachetelor de servicii \u0219i a Contractului-cadru care reglementeaz\u0103 condi\u021biile acord\u0103rii asisten\u021bei medicale, a medicamentelor \u0219i a dispozitivelor medicale, tehnologiilor \u0219i dispozitivelor asistive \u00een cadrul sistemului de asigur\u0103ri sociale de s\u0103n\u0103tate pentru anii 2021-2022.<\/p>\n\n\n\n<p>Acest act normativ aduce o serie de schimb\u0103ri importante care vin s\u0103 reglementeze aspecte esen\u021biale pentru s\u0103n\u0103tatea popula\u021biei legate de preven\u021bie, serviciile \u201dmai aproape de nevoile pacientului\u201e asigurate de asisten\u021ba medical\u0103 primar\u0103, serviicile conexe actului medical sau serviciile asigurate de spitalele private.<\/p>\n\n\n\n<p>O prim\u0103 serie de modific\u0103ri vizeaz\u0103 aspecte precum <strong>asigurarea unui \u201epachet de preven\u0163ie\u201d persoanelor de peste 40 de ani<\/strong>, care include p\u00e2n\u0103 la trei consulta\u0163ii pentru evaluarea riscului \u015fi monitorizare medical\u0103 sau <strong>posibilitatea recomand\u0103rii de servicii conexe actului medical furnizate de fizioterapeu\u0163i \u015fi psihologi pacien\u0163ilor care au avut COVID-19<\/strong>.<\/p>\n\n\n\n<p>\u00cen plus, printre modific\u0103rile aduse se num\u0103r\u0103 \u0219i cre\u015fterea num\u0103rului de vizite la domiciliu decontate medicilor de familie pentru pacien\u021bii din lista proprie. Dac\u0103 p\u00e2n\u0103 acum se decontau medicului de familei cel mult patru consulta\u0163ii\/an pentru pacien\u0163ii cu boli cronice, noul contract-cadru va deconta <strong>o consulta\u0163ie la domiciliu pe lun\u0103 pentru toate tipurile de afec\u0163iuni cronice<\/strong>. Mai mult, \u00een plus de consulta\u0163ia la domiciliu de care l\u0103uza beneficiaz\u0103 la externarea din maternitate, a fost introdus\u0103 <strong>o nou\u0103<\/strong> <strong>consulta\u0163ie la domiciliu pentru urm\u0103rirea acesteia la 4 s\u0103pt\u0103m\u00e2ni de la na\u015ftere<\/strong>.<\/p>\n\n\n\n<p>Alte modific\u0103ri care vin s\u0103 reglementeze activitatea din asisten\u021ba medical\u0103 primar\u0103 se refer\u0103 la <strong>noile servicii pe care medicii de familie, conform preg\u0103tirii lor, le pot oferi pacien\u0163ilor din listele proprii<\/strong> precum: spirometrie, m\u0103surarea ambulatorie a tensiunii arteriale timp de 24 de ore, m\u0103surarea indicelui de presiune glezn\u0103 \u2013 bra\u0163, efectuare \u015fi interpretare EKG pentru monitorizarea bolilor cardiovasculare confirmate.<\/p>\n\n\n\n<p>Important de re\u021binut \u0219i faptul c\u0103 <strong>pacien\u021bii cu afec\u0163iuni cronice pot primi consulta\u0163ii la distan\u0163\u0103<\/strong> <strong>acordate de medicii de familie \u015fi de medicii de alte specialit\u0103\u0163i<\/strong> din ambulatoriul clinic. Tot <strong>la distan\u0163\u0103 se pot face terapiile psihiatrice \u015fi serviciile conexe actului medical furnizate de psiholog \u015fi logoped<\/strong>.<\/p>\n\n\n\n<p>Actul normativ, adoptat pe 26 iulie 2021, aduce <strong>modific\u0103ri importante \u015fi \u00een rela\u0163ia dintre spitalele private aflate \u00een rela\u0163ie contractual\u0103 cu casele de asigur\u0103ri de s\u0103n\u0103tate \u015fi pacien\u0163i<\/strong>. Conform acestora, unit\u0103\u0163ile medicale private pot percepe o contribu\u0163ie personal\u0103 de la pacien\u0163i. \u00cens\u0103, spitalele private <strong>vor fi obligate s\u0103 prezinte pacientului un deviz estimativ (incluz\u00e2nd costurile estimate, medicale \u0219i nemedicale), \u00eenainte de internare, cu valabilitatea de 5 zile lucr\u0103toare de la data \u00eenm\u00e2n\u0103rii acestuia pacientului<\/strong>. Este introdus\u0103 \u0219i no\u0163iunea de <strong>consim\u0163\u0103m\u00e2nt exprimat \u00een scris al asiguratului sau reprezentantului legal al acestuia cu privire la serviciile spitalice\u015fti medicale \u015fi nemedicale pe care urmeaz\u0103 s\u0103 le primeasc\u0103<\/strong> de la furnizorii priva\u0163i \u00een contract cu casele de asigur\u0103ri de s\u0103n\u0103tate <strong>\u015fi costurile asociate acestora. La externare spitalele private vor prezenta pacien\u0163ilor un decont.<\/strong><\/p>\n\n\n\n<p>Din comunicatul CNAS afl\u0103m \u0219i c\u0103, \u00een foarte scurt timp, vor fi demarate consult\u0103rile pe urm\u0103torul proiect de Contract-cadru, astfel \u00eenc\u00e2t autorit\u0103\u0163ile s\u0103 poat\u0103 lua \u00een calcul \u201dm\u0103suri mai substan\u0163iale \u00een sistemul de s\u0103n\u0103tate pentru anii urm\u0103tori\u201d. (Sursa: CNAS).<\/p>\n\n\n\n<p>Tot pe parcursul verii, de data aceasta \u00eentre 1 \u0219i 7 august, este s\u0103rb\u0103torit\u0103 <strong>S\u0103pt\u0103m\u00e2na Interna\u021bional\u0103 a Al\u0103pt\u0103rii. <\/strong>\u00cen articolul dedicat subiectului din sec\u021biunea \u201dEveniment\u201d v\u0103 invit s\u0103 citi\u021bi o pledoarie, bazat\u0103 pe studii, care demonstreaz\u0103 c\u0103 al\u0103ptarea este o investi\u021bie \u00een s\u0103n\u0103tate.<\/p>\n\n\n\n<p>Ar fi de amintit \u0219i subiectul \u201d<strong>Ce putem face pentru a preveni sau controla anxietatea sau depresia favorizate de izolarea social\u0103 din timpul pandemiei<\/strong>\u201d<a>. Pe fondul venirii unui nou val pandemic, starea de stres \u0219i confuzie se prelunge\u0219te, astfel \u00eenc\u00e2t este poate mai important ca niciodat\u0103 s\u0103 avem grij\u0103 de noi \u00een\u0219ine c\u00e2t mai mult posibil. De aceea, articolul v\u0103 \u00eemp\u0103rt\u0103\u0219e\u0219te c\u00e2teva sfaturi despre cum pute\u021bi gestiona aceast\u0103 perioad\u0103.<\/a><\/p>\n\n\n\n<p>Tot \u00een paginile revistei de luna aceasta mai pute\u021bi g\u0103si subiecte precum:<\/p>\n\n\n\n<ul><li>\u201d<strong>Declinul cognitiv: cum putem identifica semnele lui\u201d<\/strong><\/li><li><strong>\u201dCancerul \u00een lume \u0219i efectul social media\u201d<\/strong><\/li><li><strong>\u201dTeme COVID de actualitate \u2013 a treia doz\u0103 este necesar\u0103 sau nu?\u201d<\/strong><\/li><\/ul>\n\n\n\n<p>Printre recomand\u0103rile editoriale g\u0103si\u021bi 1. <strong>Al\u0103ptarea<\/strong><strong>; <\/strong>2.<strong>Tratamentul tulbur\u0103rii de anxietate generalizat\u0103. Ghid pentru terapeu\u021bi \u0219i pacien\u021bi<\/strong><strong> <\/strong>\u0219i 3<strong>. <\/strong><strong>Materia fundamental\u0103 pentru nursing-ul de terapie intensiv\u0103 neonatal\u0103 (<em>Core Curriculum for Neonatal Intensive Care Nursing<\/em>).<\/strong><strong><\/strong><\/p>\n\n\n\n<p>\u00cen numele echipei editoriale, v\u0103 invit s\u0103 v\u0103 bucura\u021bi de o lectur\u0103 pl\u0103cut\u0103 a noului num\u0103r de august al revistei.<\/p>\n\n\n\n<p><strong><em>Doina Carmen Mazilu, Pre\u0219edinte OAMGMAMR \u2013 filiala Bucure\u0219ti<\/em><\/strong><strong><\/strong><\/p>\n","protected":false},"excerpt":{"rendered":"<p>La finalul lunii iulie, Guvernul Rom\u00e2niei a adoptat Hot\u0103r\u00e2rea pentru aprobarea pachetelor de servicii \u0219i a Contractului-cadru care reglementeaz\u0103 condi\u021biile acord\u0103rii asisten\u021bei medicale, a medicamentelor \u0219i a dispozitivelor medicale, tehnologiilor \u0219i dispozitivelor asistive \u00een cadrul sistemului de asigur\u0103ri sociale de s\u0103n\u0103tate pentru anii 2021-2022. Acest act normativ aduce o serie de schimb\u0103ri importante care vin [&hellip;]<\/p>\n","protected":false},"author":3,"featured_media":7153,"comment_status":"closed","ping_status":"closed","sticky":false,"template":"","format":"standard","meta":[],"categories":[152,54],"tags":[],"_links":{"self":[{"href":"https:\/\/www.easistent.ro\/index.php?rest_route=\/wp\/v2\/posts\/7178"}],"collection":[{"href":"https:\/\/www.easistent.ro\/index.php?rest_route=\/wp\/v2\/posts"}],"about":[{"href":"https:\/\/www.easistent.ro\/index.php?rest_route=\/wp\/v2\/types\/post"}],"author":[{"embeddable":true,"href":"https:\/\/www.easistent.ro\/index.php?rest_route=\/wp\/v2\/users\/3"}],"replies":[{"embeddable":true,"href":"https:\/\/www.easistent.ro\/index.php?rest_route=%2Fwp%2Fv2%2Fcomments&post=7178"}],"version-history":[{"count":1,"href":"https:\/\/www.easistent.ro\/index.php?rest_route=\/wp\/v2\/posts\/7178\/revisions"}],"predecessor-version":[{"id":7179,"href":"https:\/\/www.easistent.ro\/index.php?rest_route=\/wp\/v2\/posts\/7178\/revisions\/7179"}],"wp:featuredmedia":[{"embeddable":true,"href":"https:\/\/www.easistent.ro\/index.php?rest_route=\/wp\/v2\/media\/7153"}],"wp:attachment":[{"href":"https:\/\/www.easistent.ro\/index.php?rest_route=%2Fwp%2Fv2%2Fmedia&parent=7178"}],"wp:term":[{"taxonomy":"category","embeddable":true,"href":"https:\/\/www.easistent.ro\/index.php?rest_route=%2Fwp%2Fv2%2Fcategories&post=7178"},{"taxonomy":"post_tag","embeddable":true,"href":"https:\/\/www.easistent.ro\/index.php?rest_route=%2Fwp%2Fv2%2Ftags&post=7178"}],"curies":[{"name":"wp","href":"https:\/\/api.w.org\/{rel}","templated":true}]}}