{"id":7894,"date":"2022-11-24T12:01:55","date_gmt":"2022-11-24T10:01:55","guid":{"rendered":"https:\/\/www.easistent.ro\/?p=7894"},"modified":"2023-01-11T14:25:06","modified_gmt":"2023-01-11T12:25:06","slug":"legea-planului-national-de-prevenire-si-combatere-a-cancerului-pnpcc-a-fost-promulgata-la-inceputului-lunii-noiembrie","status":"publish","type":"post","link":"https:\/\/www.easistent.ro\/?p=7894","title":{"rendered":"Legea Planului Na\u021bional de Prevenire \u0219i Combatere a Cancerului (PNPCC) a fost promulgat\u0103 la \u00eenceputului lunii noiembrie"},"content":{"rendered":"\n<figure class=\"wp-block-image size-large\"><a href=\"https:\/\/www.easistent.ro\/new\/wp-content\/uploads\/2022\/11\/poza-mazilu.png\"><img width=\"1024\" height=\"1003\" src=\"https:\/\/www.easistent.ro\/new\/wp-content\/uploads\/2022\/11\/poza-mazilu-1024x1003.png\" alt=\"\" class=\"wp-image-7870\" srcset=\"https:\/\/www.easistent.ro\/new\/wp-content\/uploads\/2022\/11\/poza-mazilu-1024x1003.png 1024w, https:\/\/www.easistent.ro\/new\/wp-content\/uploads\/2022\/11\/poza-mazilu-300x294.png 300w, https:\/\/www.easistent.ro\/new\/wp-content\/uploads\/2022\/11\/poza-mazilu-768x753.png 768w, https:\/\/www.easistent.ro\/new\/wp-content\/uploads\/2022\/11\/poza-mazilu.png 1148w\" sizes=\"(max-width: 1024px) 100vw, 1024px\" \/><\/a><\/figure>\n\n\n\n<p>La mai pu\u021bin de un an de la lansarea planului, pe 2 noiembrie 2022, a fost promulgat\u0103 legea care-l aprob\u0103 \u0219i creeaz\u0103 condi\u021biile pentru implementarea acestuia.<\/p>\n\n\n\n<p>Necesitatea acestui plan a fost determinat\u0103 de inciden\u021ba \u00eengrijor\u0103toare a cancerului \u00een Rom\u00e2nia, de sub-diagnosticarea sau diagnosticarea tardiv\u0103 \u0219i de rata ridicat\u0103 a deceselor provocate de cancer. La peste 50000 de decese anual, ceea ce \u00eenseamn\u0103 140 de rom\u00e2ni care au pierdut lupta, zilnic, cu diversele forme ale acestei boli \u0219i \u00een condi\u021biile \u00een care cancerul este a doua cauz\u0103 de deces \u00een Rom\u00e2nia, acest plan era imperios necesar.<\/p>\n\n\n\n<p>Cercetarea medical\u0103 \u0219i medicina ultimelor decenii au reu\u0219it transform\u0103ri importante \u00een cazul unei boli despre care, nu foarte mul\u021bi ani \u00een urm\u0103, vorbeam ca despre o condamnare definitiv\u0103. Iar succesul \u00een prevenirea, identificarea timpurie \u0219i tratamentul acestei boli depinde foarte mult de preg\u0103tirea sistemului de s\u0103n\u0103tate pentru abordarea integrat\u0103 \u0219i organizarea eficient\u0103 a serviciilor necesare. Pe de alt\u0103 parte, dac\u0103 eforturile \u00een zona de preven\u021bie nu vor fi suficiente, iar m\u0103surile g\u00e2ndite nu vor fi eficient organizate \u0219i monitorizate, efortul de a trata se poate dovedi la un moment dat extrem de costisitor.&nbsp;<\/p>\n\n\n\n<p>Iat\u0103 de ce <strong>acest plan<\/strong>, care vine cu o abordare bazat\u0103 pe screening la nivel de mas\u0103 pentru grupele de risc (cum ar fi, pentru detectarea cancerului la s\u00e2n, femeile \u00eentre 45 \u0219i 74 de ani), pe medicina personalizat\u0103 (pornind de la caracteristicile genetice individuale \u0219i stilul de via\u021b\u0103), pe stabilirea unui traseu standardizat \u0219i rapid al pacientului oncologic, precum \u0219i pe digitalizarea sistemului (prin crearea unui Registru Na\u021bional de Cancer \u0219i apari\u021bia dosarului electronic al pacientului), <strong>poate fi o important\u0103 inova\u021bie pentru sistemul de s\u0103n\u0103tate rom\u00e2nesc<\/strong>.<\/p>\n\n\n\n<p>Recunosc\u00e2nd efortul care a dus la acest moment important pentru oncologia rom\u00e2neasc\u0103, dar mai ales pentru toate persoanele care au nevoie sprijin, prin m\u0103surile cuprinse \u00een acest plan, mesajele Pre\u0219edintelui Rom\u00e2niei de la momentul promulg\u0103rii vorbesc despre c\u00e2teva repere care pot face diferen\u021ba \u0219i aduce succesul interven\u021biilor, cum ar fi:<\/p>\n\n\n\n<ol type=\"1\"><li>Nevoia de a avea o politic\u0103 unitar\u0103 de preven\u021bie \u0219i educa\u021bie pentru s\u0103n\u0103tate;<\/li><li>Nevoia de comunicare \u0219i acces la informa\u021bie corect\u0103 \u0219tiin\u021bific \u0219i valid\u0103, pentru a ghida pacien\u021bii;<\/li><li>Nevoie de a trece dincolo de managementul clinic \u0219i a integra to\u021bi determinan\u021bii s\u0103n\u0103t\u0103\u021bii;<\/li><li>Nevoia de colaborare a tuturor actorilor implica\u021bi, inclusiv rolul esen\u021bial al societ\u0103\u021bii civile, \u00een cre\u0219terea nivelului de alfabetizare \u00een s\u0103n\u0103tate.<\/li><\/ol>\n\n\n\n<p>Practic, Planul, care se va implementa \u00een perioada 2023-2030, este structurat pe 5 capitole mari: preven\u021bie, diagnosticare, tratament, \u00eengrijire \u0219i cercetare &#8211; inovare \u0219i este principalul document de politic\u0103 public\u0103 ce fundamenteaz\u0103 m\u0103surile de prevenire \u0219i combatere a cancerului la nivel na\u021bional.<\/p>\n\n\n\n<p>Prin aceast\u0103 lege, to\u021bi cet\u0103\u021benii rom\u00e2ni, cet\u0103\u021benii statelor membre ale Uniunii Europene, ai SEE \u015fi cet\u0103\u021benii Confedera\u021biei Elve\u021biene, precum \u0219i str\u0103inii \u0219i apatrizii care au domiciliul sau re\u0219edin\u021ba \u00een Rom\u00e2nia vor avea dreptul garantat de stat la pachetul de servicii medicale \u0219i de sus\u021binere psihologic\u0103 cuprinse \u00een Planul na\u021bional de prevenire \u0219i combatere a cancerului. Acestea con\u021bin servicii medicale de prevenire, diagnostic \u0219i tratament al cancerului, servicii de \u00eengrijire, inclusiv \u00eengrijiri paliative, servicii de psiho-oncologie, onco-nutri\u0163ie \u015fi onco-fertilitate, servicii sociale \u0219i indemniza\u021bii lunare de hran\u0103.<\/p>\n\n\n\n<p>Al\u0103turi de aceast\u0103 noutate legislativ\u0103, revista noastr\u0103 v\u0103 aduce mai aproape de alte evenimente importante ale lunii noiembrie, prin articole precum:<\/p>\n\n\n\n<p><strong>Luna mondial\u0103 a cancerului de pl\u0103m\u00e2ni<\/strong> (sec\u021biunea \u201dEveniment\u201d)<\/p>\n\n\n\n<p><strong>Ziua mondial\u0103 a diabetului \u2013 14 noiembrie <\/strong>(sec\u021biunea \u201dEveniment\u201d)<\/p>\n\n\n\n<p><strong>Boala pulmonar\u0103 obstructiv\u0103 cronic\u0103 <\/strong>(sec\u021biunea \u201dEduca\u021bie medical\u0103\u201d)<\/p>\n\n\n\n<p><strong>Experien\u021ba \u0219i \u0219tiin\u021ba din spatele durerii cronice <\/strong>(sec\u021biunea \u201dInterviu\u201d)<\/p>\n\n\n\n<p><strong>Istoria antibioticelor <\/strong>(sec\u021biunea \u201dIstorie\u201d)<strong><\/strong><\/p>\n\n\n\n<p><strong>\u00cengrijirea copiilor \u2013 preg\u0103tirea pentru unul dintre cele mai importante roluri, cel de p\u0103rinte <\/strong>(sec\u021biunea \u201dLumea medical\u0103\u201d)<strong><\/strong><\/p>\n\n\n\n<p>De asemenea, ea cuprinde \u0219i o serie de recomand\u0103ri editoriale: 1.<strong><em>Terapii naturale pentru diabetul zaharat.<\/em><\/strong><em> Ghid practic pentru folosirea dietei, exerci\u021biului fizic \u0219i a suplimentelor pentru tratarea diabetului, Edi\u021bia a II a<strong>; <\/strong><\/em>2.<strong><em>Parenting de la A la Z. <\/em><\/strong><em>83 <\/em><em>de teme provocatoare pentru p\u0103rin\u021bii de azi<\/em><em>; <\/em>3.<strong><em>Alinarea durerii cronice a copilului dumneavoastr\u0103<\/em><\/strong><em>: un program medical pentru ameliorarea durerilor de cap, a durerilor abdominale, a fibromialgiei, a artritei reumatoide juvenile \u0219i multe altele<\/em><\/p>\n\n\n\n<p>Ca \u00een fiecare lun\u0103, echipa editorial\u0103 v\u0103 dore\u0219te o lectur\u0103 instructiv\u0103 \u0219i pl\u0103cut\u0103! &nbsp;<\/p>\n\n\n\n<p><strong>Doina Carmen Mazilu, Pre\u0219edinte OAMGMAMR \u2013 filiala Bucure\u0219ti<\/strong><\/p>\n","protected":false},"excerpt":{"rendered":"<p>La mai pu\u021bin de un an de la lansarea planului, pe 2 noiembrie 2022, a fost promulgat\u0103 legea care-l aprob\u0103 \u0219i creeaz\u0103 condi\u021biile pentru implementarea acestuia. Necesitatea acestui plan a fost determinat\u0103 de inciden\u021ba \u00eengrijor\u0103toare a cancerului \u00een Rom\u00e2nia, de sub-diagnosticarea sau diagnosticarea tardiv\u0103 \u0219i de rata ridicat\u0103 a deceselor provocate de cancer. La peste [&hellip;]<\/p>\n","protected":false},"author":3,"featured_media":7870,"comment_status":"closed","ping_status":"closed","sticky":false,"template":"","format":"standard","meta":[],"categories":[152,54],"tags":[],"_links":{"self":[{"href":"https:\/\/www.easistent.ro\/index.php?rest_route=\/wp\/v2\/posts\/7894"}],"collection":[{"href":"https:\/\/www.easistent.ro\/index.php?rest_route=\/wp\/v2\/posts"}],"about":[{"href":"https:\/\/www.easistent.ro\/index.php?rest_route=\/wp\/v2\/types\/post"}],"author":[{"embeddable":true,"href":"https:\/\/www.easistent.ro\/index.php?rest_route=\/wp\/v2\/users\/3"}],"replies":[{"embeddable":true,"href":"https:\/\/www.easistent.ro\/index.php?rest_route=%2Fwp%2Fv2%2Fcomments&post=7894"}],"version-history":[{"count":1,"href":"https:\/\/www.easistent.ro\/index.php?rest_route=\/wp\/v2\/posts\/7894\/revisions"}],"predecessor-version":[{"id":7895,"href":"https:\/\/www.easistent.ro\/index.php?rest_route=\/wp\/v2\/posts\/7894\/revisions\/7895"}],"wp:featuredmedia":[{"embeddable":true,"href":"https:\/\/www.easistent.ro\/index.php?rest_route=\/wp\/v2\/media\/7870"}],"wp:attachment":[{"href":"https:\/\/www.easistent.ro\/index.php?rest_route=%2Fwp%2Fv2%2Fmedia&parent=7894"}],"wp:term":[{"taxonomy":"category","embeddable":true,"href":"https:\/\/www.easistent.ro\/index.php?rest_route=%2Fwp%2Fv2%2Fcategories&post=7894"},{"taxonomy":"post_tag","embeddable":true,"href":"https:\/\/www.easistent.ro\/index.php?rest_route=%2Fwp%2Fv2%2Ftags&post=7894"}],"curies":[{"name":"wp","href":"https:\/\/api.w.org\/{rel}","templated":true}]}}