{"id":7919,"date":"2022-12-26T14:20:00","date_gmt":"2022-12-26T12:20:00","guid":{"rendered":"https:\/\/www.easistent.ro\/?p=7919"},"modified":"2023-01-26T10:46:51","modified_gmt":"2023-01-26T08:46:51","slug":"ziua-internationala-a-persoanelor-cu-dizabilitati-cum-pot-fi-acestea-sprijinite-de-fizioterapie","status":"publish","type":"post","link":"https:\/\/www.easistent.ro\/?p=7919","title":{"rendered":"Ziua Interna\u021bional\u0103 a Persoanelor cu Dizabilit\u0103\u021bi. Cum pot fi acestea sprijinite de fizioterapie?"},"content":{"rendered":"\n<p><em>Timp de lectur\u0103 6 minute<\/em><\/p>\n\n\n\n<p>3 decembrie este Ziua Interna\u021bional\u0103 a Persoanelor cu Dizabilit\u0103\u021bi. E unul dintre acele momente \u00een care Organiza\u021bia Mondial\u0103 a S\u0103n\u0103t\u0103\u021bii, dar \u0219i partenerii s\u0103i din \u00eentreaga lume, ne amintesc c\u0103 exist\u0103 solu\u021bii inovative, transformatoare care pot face diferen\u021ba pentru o via\u021b\u0103 de calitate pentru persoanele cu dizabilit\u0103\u021bi.<\/p>\n\n\n\n<p>Un factor pozitiv \u2013 durata crescut\u0103 de via\u021b\u0103 &#8211; \u0219i unul negativ &#8211; num\u0103rul din ce \u00een ce mai mare &nbsp;de persoane care sufer\u0103 de boli netransmisibile &#8211; contribuie \u00eempreun\u0103 la un num\u0103r din ce \u00een ce mai mare de persoane care tr\u0103iesc mai mult \u0219i \u00eemb\u0103tr\u00e2nesc cu limit\u0103ri func\u021bionale.<\/p>\n\n\n\n<div class=\"wp-block-image\"><figure class=\"aligncenter size-large\"><a href=\"https:\/\/www.easistent.ro\/new\/wp-content\/uploads\/2023\/01\/3dec.png\"><img width=\"1024\" height=\"489\" src=\"https:\/\/www.easistent.ro\/new\/wp-content\/uploads\/2023\/01\/3dec-1024x489.png\" alt=\"\" class=\"wp-image-7897\" srcset=\"https:\/\/www.easistent.ro\/new\/wp-content\/uploads\/2023\/01\/3dec-1024x489.png 1024w, https:\/\/www.easistent.ro\/new\/wp-content\/uploads\/2023\/01\/3dec-300x143.png 300w, https:\/\/www.easistent.ro\/new\/wp-content\/uploads\/2023\/01\/3dec-768x367.png 768w, https:\/\/www.easistent.ro\/new\/wp-content\/uploads\/2023\/01\/3dec-1536x733.png 1536w, https:\/\/www.easistent.ro\/new\/wp-content\/uploads\/2023\/01\/3dec.png 1827w\" sizes=\"(max-width: 1024px) 100vw, 1024px\" \/><\/a><\/figure><\/div>\n\n\n\n<p>Pentru aceste persoane, fizioterapeu\u021bii au c\u00e2\u0219tigat de mult\u0103 vreme recunoa\u0219terea ca furnizori importan\u021bi de servicii.<\/p>\n\n\n\n<p>\u0218i aceasta deoarece un nivel adecvat de kinetoterapie poate promova incluziunea social\u0103 prin optimizarea func\u021biei unei persoane \u0219i \u00eencurajarea particip\u0103rii acesteia la via\u021ba economic\u0103 \u0219i social\u0103 a comunit\u0103\u021bii. Practic, \u00eei poate \u00eembun\u0103t\u0103\u021bi calitatea vie\u021bii.<\/p>\n\n\n\n<p>Iat\u0103 de ce a cunoa\u0219te istoria acestei profesii \u00eenseamn\u0103 \u0219i speran\u021b\u0103 \u0219i solu\u021bii pentru o via\u021b\u0103 mai bun\u0103 pentru unele dintre persoanele cu dizabilit\u0103\u021bi.&nbsp;<\/p>\n\n\n\n<p>Terapia fizic\u0103 este legat\u0103 de numele lui Per Henrik Ling, care este cunoscut drept \u201ep\u0103rintele gimnasticii suedeze\u201d. El este acela care a fondat Institutul Regal Central de Gimnastic\u0103, \u00een anul 1813. Activitatea de care se ocupa acest grup de profesioni\u0219ti era masajul, manipularea bolnavilor \u0219i exerci\u021biile fizice. \u00cen anul 1851, termenul \u201efizioterapie\u201d este folosit pentru prima dat\u0103 \u00een limba german\u0103 \u00eentr-un articol scris de dr. Lorenz Gleich, un medic militar din Bavaria. \u00cen limba englez\u0103, cuv\u00e2ntul apare pentru prima oar\u0103 \u00eentr-un articol publicat de Dr. Edward Playter, \u00een Montreal Medical Journal, \u00een anul 1894.<\/p>\n\n\n\n<p>Kinetoterapia, ini\u021bial considerat\u0103 asisten\u021b\u0103 de recuperare, a evoluat \u00een timp, devenind o profesie de sine st\u0103t\u0103toare. Ast\u0103zi joac\u0103 un rol foarte important \u00een furnizarea de servicii de reabilitare \u0219i abilitare, precum \u0219i \u00een instruirea pentru prevenirea \u0219i reducerea riscurilor. \u00cen Suedia, kinetoterapeu\u021bii sunt numi\u021bi \u201esjukgymnast\u201d, care se traduce prin \u201ecineva care-I ajut\u0103 pe cei bolnavi prin gimnastic\u0103\u201d.<\/p>\n\n\n\n<p>Apoi, anul 1916 a venit cu o devastatoare epidemie de poliomielit\u0103. \u00cen acea perioad\u0103, s-a \u00eenceput tratarea pacien\u021bilor cu paralizie rezidual\u0103 prin mi\u0219c\u0103ri pasive. D\u00e2ndu-\u0219i seama de necesitatea unei ac\u021biuni bine definite, kinetoterapeu\u021bii au dezvoltat testarea muscular\u0103 manual\u0103 pentru evaluarea for\u021bei mu\u0219chilor \u0219i, prin urmare, implementarea tehnicilor de reeducare muscular\u0103 pentru mu\u0219chii mai slabi. \u00cen Statele Unite (SUA), epidemia de poliomielit\u0103 a continuat s\u0103 fac\u0103 ravagii \u00eentr-o asemenea m\u0103sur\u0103 \u00eenc\u00e2t a afectat chiar \u0219i un om care avea s\u0103 devin\u0103 viitorul pre\u0219edinte al SUA &#8211; Franklin D. Roosevelt. Acesta a trecut prin diverse terapii, inclusiv hidroterapie. Pentru a putea beneficia de ea, acesta a achizi\u021bionat, \u00een 1926, o sta\u021biune la Warm Springs Georgia, care a fost folosit\u0103 drept Centru de Hidroterapie pentru pacien\u021bii cu poliomielit\u0103. Acest centru func\u021bioneaz\u0103 \u00een prezent ca Roosevelt Warm Springs Institute for Rehabilitation.<\/p>\n\n\n\n<p>Totu\u0219i, \u00eenceputul profesiei este legat de Primul R\u0103zboi Mondial. Atunci, \u00een \u00eentreaga lume, 16 milioane de oameni au fost implica\u021bi pe c\u00e2mpul de lupt\u0103. \u00cen 1917, SUA au intrat \u00een r\u0103zboi \u0219i armata avea nevoie de servicii de reabilitare a solda\u021bilor r\u0103ni\u021bi. Acest lucru a dus la formarea unei unit\u0103\u021bi speciale a departamentului medical al armatei. Ei au dezvoltat, de asemenea, 15 programe de formare pentru \u201eajutor de recuperare\u201d pentru a satisface cererea. &nbsp;\u00cen urm\u0103torii 3 ani s-a dezvoltat un parteneriat \u00eentre kinetoterapeu\u021bi \u0219i comunitatea medical\u0103 \u0219i chirurgical\u0103, ceea ce a stimulat recunoa\u0219terea \u0219i validarea public\u0103 a profesiei. \u00cen anii 1930, epidemia de poliomielit\u0103 continua. Ca urmare, anul 1937 marcheaz\u0103 \u00eenfiin\u021barea Funda\u021biei Na\u021bionale Americane pentru Paralizia Infantil\u0103, care a oferit un sprijin major cre\u0219terii kinetoterapiei ca profesie.<\/p>\n\n\n\n<p>\u00cen cel de-al Doilea R\u0103zboi Mondial a continuat s\u0103 fie nevoie de kinetoterapeu\u021bi pentru tratarea r\u0103ni\u021bilor, mai ales a celor care s-au \u00eentors acas\u0103 cu amputa\u021bii, arsuri, r\u0103ni, fracturi \u0219i leziuni ale nervilor \u0219i ale m\u0103duvei spin\u0103rii. Terapia prin aplicarea stimul\u0103rii electrice a dat o nou\u0103 direc\u021bie tratamentului kinetoterapeutic. Ea a demonstrat c\u0103 nu este vorba doar de a \u00eent\u00e2rzia \u0219i de a preveni atrofia, ci \u0219i de a restabili masa \u0219i for\u021ba muscular\u0103.<\/p>\n\n\n\n<p>Dup\u0103 r\u0103zboi a existat o perioad\u0103 de declin. Apoi, \u00een anii 1950 a venit momentul independen\u021bei, autonomiei \u0219i profesionalismului pentru aceast\u0103 profesie care a progresat de la tehnicieni la practicieni profesioni\u0219ti. Dou\u0103 evenimente au contribuit la aceasta: \u00een 1954, Asocia\u021bia American\u0103 de Fizioterapie (APTA) a dezvoltat un examen de competen\u021b\u0103 profesional\u0103, care a fost pus la dispozi\u021bia consiliilor de autorizare de stat. Sec\u021bia pentru lucr\u0103tori independen\u021bi s-a format ca o component\u0103 a APTA, \u00een 1955, odat\u0103 cu extinderea practicii private.<\/p>\n\n\n\n<p>\u00cen plus, rolul kinetoterapu\u021bilor \u00een reabilitarea cardiac\u0103 a \u00eenceput s\u0103 prind\u0103 contur. \u00cen 1952, Levine \u0219i Lown au pus la \u00eendoial\u0103 \u00een mod deschis necesitatea repausului la pat for\u021bat \u0219i a inactivit\u0103\u021bii prelungite dup\u0103 un infarct miocardic. Pe baza muncii desf\u0103\u0219urate \u00eentr-un spital din Boston \u00een anii 1940, doi medici &#8211; Mallory \u0219i White &#8211; au ajuns la concluzia c\u0103 repausul \u00eendelungat \u0219i continuu la pat \u201escade capacitatea func\u021bional\u0103, sl\u0103be\u0219te moralul \u0219i provoac\u0103 complica\u021bii\u201d. Raportul lor a fost publicat \u0219i &nbsp;a atras aten\u021bia multora, ridic\u00e2nd numeroase \u00eentreb\u0103ri clinice despre managementul bolilor cardiovasculare. La cea de-a 13-a sesiune \u0219tiin\u021bific\u0103 a Asocia\u021biei Americane a Inimii (AHA) din Chicago \u00een 1953, renumitul medic Louis Katz a spus comunit\u0103\u021bii medicale c\u0103 \u201emedicii trebuie s\u0103 fie gata s\u0103 renun\u021be la vechile dogme atunci c\u00e2nd se dovedesc c\u0103 sunt false \u0219i s\u0103 accepte cuno\u0219tin\u021be noi\u201d. A fost subliniat\u0103 necesitatea de a continua cercet\u0103rile asupra activit\u0103\u021bii fizice \u0219i de a asimila aceste noi informa\u021bii \u00een schema de practic\u0103 pentru pacien\u021bii cardiaci.<\/p>\n\n\n\n<p>O alt\u0103 schimbare important\u0103 s-a petrecut \u00een SUA, \u00een aceast\u0103 profesie, dup\u0103 conflictul din Vietnam. Uria\u0219ul num\u0103r de solda\u021bi cu probleme neuro-musculo-scheletale era greu de gestionat de foarte pu\u021binii chirurgi specializa\u021bi \u00een ortopedie pe care-i avea armata. A\u0219a s-a ajuns la concluzia c\u0103 kinetoterapeu\u021bii puteau ac\u021biona ca o \u201eextensie a medicilor\u201d. Ei au fost autoriza\u021bi s\u0103 evalueze \u0219i s\u0103 trateze pacien\u021bii neuro-musculo-scheletici f\u0103r\u0103 trimitere de la un medic.<\/p>\n\n\n\n<p>Pe m\u0103sur\u0103 ce cre\u0219tea nevoia de kinetoterapeu\u021bi, APTA, asocia\u021bia american\u0103 de profil, a f\u0103cut recomand\u0103ri cu privire la admitere, curricula, educa\u021bia \u0219i administrarea programelor de kinetoterapie. De asemenea, APTA s-a angajat \u00eentr-un efort de a \u00eencuraja mai multe universit\u0103\u021bi \u0219i \u0219coli de medicin\u0103 s\u0103 creeze programe \u0219i s\u0103 extind\u0103 programele existente, inclusiv prin crearea de oportunit\u0103\u021bi pentru educa\u021bia ulterioar\u0103 a absolven\u021bilor.<\/p>\n\n\n\n<p><br>Deceniul 1967-1976 a adus extinderea profesiei \u00een managementul ortopediei \u0219i al tulbur\u0103rilor cardio-pulmonare. Odat\u0103 cu apari\u021bia chirurgiei pe cord deschis, kinetoterapia a \u00eenceput s\u0103 fie practicat\u0103 \u00een unit\u0103\u021bile preoperatorii \u0219i postoperatorii.<\/p>\n\n\n\n<p><br>\u00cen secolul 21, profesia a continuat s\u0103 creasc\u0103 substan\u021bial. Pacien\u021bii sunt capabili s\u0103 apeleze la serviciile unui kinetoterapeut f\u0103r\u0103 a avea nevoie neap\u0103rat de recomandarea unui alt profesionist din domeniul s\u0103n\u0103t\u0103\u021bii. Kinetoterapia de genera\u021bie nou\u0103 consider\u0103 mi\u0219carea drept un element esen\u021bial al s\u0103n\u0103t\u0103\u021bii \u0219i al bun\u0103st\u0103rii.<\/p>\n\n\n\n<p>Un program personalizat de recuperare medical\u0103 poate ajuta la ob\u021binerea unui nivel \u00eembun\u0103t\u0103\u021bit de func\u021bionare a organismului. \u00cen plus, mi\u0219carea, combinat\u0103 cu o serie de schimb\u0103ri ale stilului de via\u021b\u0103, poate contribui la prevenirea unor patologii mai grave. &nbsp;<\/p>\n\n\n\n<p><em>Mirela Musta\u021b\u0103, Redactor executiv E-asistent<\/em><\/p>\n\n\n\n<p><em>Surse de documentare:<\/em><\/p>\n\n\n\n<ol type=\"1\"><li><a href=\"https:\/\/www.who.int\/campaigns\/international-day-of-persons-with-disabilities\/2022\" target=\"_blank\" rel=\"noreferrer noopener\">https:\/\/www.who.int\/campaigns\/international-day-of-persons-with-disabilities\/2022<\/a><\/li><li><a href=\"https:\/\/www.un.org\/development\/desa\/disabilities\/international-day-of-persons-with-disabilities-3-december.html\" target=\"_blank\" rel=\"noreferrer noopener\">https:\/\/www.un.org\/development\/desa\/disabilities\/international-day-of-persons-with-disabilities-3-december.html<\/a><\/li><li>Shaik AR, Shemjaz AM. The rise of physical therapy: A history in footsteps. Arch Med Health Sci [serial online] 2014 [cited&nbsp;2022 Dec 5];2:257-60. Disponibil la:&nbsp;<a href=\"https:\/\/www.amhsjournal.org\/text.asp?2014\/2\/2\/257\/144367\" target=\"_blank\" rel=\"noreferrer noopener\">https:\/\/www.amhsjournal.org\/text.asp?2014\/2\/2\/257\/144367<\/a><\/li><\/ol>\n","protected":false},"excerpt":{"rendered":"<p>Timp de lectur\u0103 6 minute 3 decembrie este Ziua Interna\u021bional\u0103 a Persoanelor cu Dizabilit\u0103\u021bi. E unul dintre acele momente \u00een care Organiza\u021bia Mondial\u0103 a S\u0103n\u0103t\u0103\u021bii, dar \u0219i partenerii s\u0103i din \u00eentreaga lume, ne amintesc c\u0103 exist\u0103 solu\u021bii inovative, transformatoare care pot face diferen\u021ba pentru o via\u021b\u0103 de calitate pentru persoanele cu dizabilit\u0103\u021bi. Un factor pozitiv [&hellip;]<\/p>\n","protected":false},"author":3,"featured_media":7897,"comment_status":"closed","ping_status":"closed","sticky":false,"template":"","format":"standard","meta":[],"categories":[152,13],"tags":[],"_links":{"self":[{"href":"https:\/\/www.easistent.ro\/index.php?rest_route=\/wp\/v2\/posts\/7919"}],"collection":[{"href":"https:\/\/www.easistent.ro\/index.php?rest_route=\/wp\/v2\/posts"}],"about":[{"href":"https:\/\/www.easistent.ro\/index.php?rest_route=\/wp\/v2\/types\/post"}],"author":[{"embeddable":true,"href":"https:\/\/www.easistent.ro\/index.php?rest_route=\/wp\/v2\/users\/3"}],"replies":[{"embeddable":true,"href":"https:\/\/www.easistent.ro\/index.php?rest_route=%2Fwp%2Fv2%2Fcomments&post=7919"}],"version-history":[{"count":2,"href":"https:\/\/www.easistent.ro\/index.php?rest_route=\/wp\/v2\/posts\/7919\/revisions"}],"predecessor-version":[{"id":7926,"href":"https:\/\/www.easistent.ro\/index.php?rest_route=\/wp\/v2\/posts\/7919\/revisions\/7926"}],"wp:featuredmedia":[{"embeddable":true,"href":"https:\/\/www.easistent.ro\/index.php?rest_route=\/wp\/v2\/media\/7897"}],"wp:attachment":[{"href":"https:\/\/www.easistent.ro\/index.php?rest_route=%2Fwp%2Fv2%2Fmedia&parent=7919"}],"wp:term":[{"taxonomy":"category","embeddable":true,"href":"https:\/\/www.easistent.ro\/index.php?rest_route=%2Fwp%2Fv2%2Fcategories&post=7919"},{"taxonomy":"post_tag","embeddable":true,"href":"https:\/\/www.easistent.ro\/index.php?rest_route=%2Fwp%2Fv2%2Ftags&post=7919"}],"curies":[{"name":"wp","href":"https:\/\/api.w.org\/{rel}","templated":true}]}}