{"id":8515,"date":"2023-12-21T12:59:16","date_gmt":"2023-12-21T10:59:16","guid":{"rendered":"https:\/\/www.easistent.ro\/?p=8515"},"modified":"2024-01-31T10:19:44","modified_gmt":"2024-01-31T08:19:44","slug":"ziua-internationala-de-pregatire-in-caz-de-epidemii-27-decembrie","status":"publish","type":"post","link":"https:\/\/www.easistent.ro\/?p=8515","title":{"rendered":"Ziua interna\u021bional\u0103 de preg\u0103tire \u00een caz de epidemii &#8211; 27 decembrie"},"content":{"rendered":"\n<h3><strong>Timp aprox. de lectur\u0103: 2 minute<\/strong><\/h3>\n\n\n\n<p>Bolile infec\u021bioase \u0219i marile epidemii au un impact devastator asupra vie\u021bii oamenilor, provoc\u00e2nd &nbsp;victime \u0219i afect\u00e2nd dezvoltarea social\u0103 \u0219i economic\u0103 pe termen lung, dup\u0103 cum a demonstrat recenta pandemie Covid-19.<\/p>\n\n\n\n<p>Am trecut printr-o experien\u021b\u0103 care ne-a ar\u0103tat cum crizele mondiale \u00een domeniul s\u0103n\u0103t\u0103\u021bii amenin\u021b\u0103 s\u0103 cople\u0219easc\u0103 sistemele de s\u0103n\u0103tate deja suprasolicitate, s\u0103 perturbe lan\u021burile de aprovizionare la nivel mondial \u0219i s\u0103 provoace distrugeri dispropor\u021bionate ale mijloacelor de trai ale oamenilor, resim\u021bite cel mai puternic \u00een r\u00e2ndul popula\u021biilor vulnerabile \u0219i al economiilor \u021b\u0103rilor cele mai s\u0103race.<\/p>\n\n\n\n<p>Dac\u0103 subiectul iese din aten\u021bia public\u0103 la nivel interna\u021bional, viitoarele epidemii ar putea dep\u0103\u0219i epidemiile anterioare din punct de vedere al intensit\u0103\u021bii \u0219i gravit\u0103\u021bii.<\/p>\n\n\n\n<div class=\"wp-block-image\"><figure class=\"aligncenter size-large\"><a href=\"https:\/\/www.easistent.ro\/new\/wp-content\/uploads\/2023\/12\/epidemii.png\"><img width=\"1024\" height=\"441\" src=\"https:\/\/www.easistent.ro\/new\/wp-content\/uploads\/2023\/12\/epidemii-1024x441.png\" alt=\"\" class=\"wp-image-8495\" srcset=\"https:\/\/www.easistent.ro\/new\/wp-content\/uploads\/2023\/12\/epidemii-1024x441.png 1024w, https:\/\/www.easistent.ro\/new\/wp-content\/uploads\/2023\/12\/epidemii-300x129.png 300w, https:\/\/www.easistent.ro\/new\/wp-content\/uploads\/2023\/12\/epidemii-768x331.png 768w, https:\/\/www.easistent.ro\/new\/wp-content\/uploads\/2023\/12\/epidemii.png 1028w\" sizes=\"(max-width: 1024px) 100vw, 1024px\" \/><\/a><\/figure><\/div>\n\n\n\n<p>Iat\u0103 de ce, cu prilejul Zilei interna\u021bionale de preg\u0103tire \u00een caz de epidemii, merit\u0103 amintite eforturile pe care Organiza\u021bia Mondial\u0103 a S\u0103n\u0103t\u0103\u021bii (OMS) le face pentru a defini, negocia \u0219i semna, cu cele 194 de \u021b\u0103ri membre ale organiza\u021biei, un acord care urm\u0103re\u0219te s\u0103 \u00eembun\u0103t\u0103\u021beasc\u0103\u00a0programele de <strong>prevenire a unor viitoare pandemii \u0219i preg\u0103tirea r\u0103spunsului la acestea la nivel mondial.<\/strong><\/p>\n\n\n\n<div class=\"wp-block-image\"><figure class=\"aligncenter size-large\"><a href=\"https:\/\/www.easistent.ro\/new\/wp-content\/uploads\/2023\/12\/epidemii1.png\"><img width=\"1024\" height=\"752\" src=\"https:\/\/www.easistent.ro\/new\/wp-content\/uploads\/2023\/12\/epidemii1-1024x752.png\" alt=\"\" class=\"wp-image-8496\" srcset=\"https:\/\/www.easistent.ro\/new\/wp-content\/uploads\/2023\/12\/epidemii1-1024x752.png 1024w, https:\/\/www.easistent.ro\/new\/wp-content\/uploads\/2023\/12\/epidemii1-300x220.png 300w, https:\/\/www.easistent.ro\/new\/wp-content\/uploads\/2023\/12\/epidemii1-768x564.png 768w, https:\/\/www.easistent.ro\/new\/wp-content\/uploads\/2023\/12\/epidemii1-80x60.png 80w, https:\/\/www.easistent.ro\/new\/wp-content\/uploads\/2023\/12\/epidemii1.png 1028w\" sizes=\"(max-width: 1024px) 100vw, 1024px\" \/><\/a><\/figure><\/div>\n\n\n\n<p>Ce urm\u0103re\u0219te de fapt acest acord este s\u0103 asigure&nbsp;<strong>un angajament politic mondial<\/strong>, s\u0103 defineasc\u0103&nbsp;<strong>procese<\/strong>&nbsp;\u0219i&nbsp;<strong>sarcini clare<\/strong>, s\u0103 asigure&nbsp;<strong>sprijin pe termen lung din partea sectorului public \u0219i a celui privat<\/strong>&nbsp;la toate nivelurile \u0219i s\u0103 promoveze o abordare&nbsp;<strong>care integreaz\u0103 ansamblul administra\u021biei unui stat<\/strong>&nbsp;\u0219i&nbsp;<strong>ansamblul societ\u0103\u021bii<\/strong>, \u00eenglob\u00e2nd aspectele legate de s\u0103n\u0103tate \u00een toate domeniile de politici relevante (precum cercetarea, inovarea, finan\u021barea, transporturile). Beneficiile poten\u021biale directe sunt reprezentate a\u0219adar \u0219i de asigurarea unui acces mai echitabil la mijloacele medicale de r\u0103spuns de \u00eenalt\u0103 calitate (de la vaccinuri, la terapii \u0219i metode de diagnosticare) \u0219i partajarea datelor de monitorizare, a datelor genetice, a e\u0219antioanelor, a tehnologiilor \u0219i a beneficiilor asociate acestora, conduc\u00e2nd la consolidarea rezilien\u021bei la diverse niveluri (na\u021bionale, regionale, mondiale) la viitoare pandemii \u0219i a capacit\u0103\u021bilor de combatere a acestora.<\/p>\n\n\n\n<p><strong>Odat\u0103 adoptat, <\/strong>instrumentul va fi&nbsp;<strong>obligatoriu din punct de vedere juridic \u0219i va avea ca fundament Constitu\u021bia OMS<\/strong><strong>.<\/strong><\/p>\n\n\n\n<p><em>Mirela Musta\u021b\u0103, Redactor executiv E-asistent<\/em><\/p>\n\n\n\n<p><em><u>Surse de documentare:<\/u><\/em><\/p>\n\n\n\n<ol type=\"1\"><li><a href=\"https:\/\/www.un.org\/en\/observances\/epidemic-preparedness-day\" target=\"_blank\" rel=\"noreferrer noopener\">International Day of Epidemic Preparedness | United Nations<\/a><\/li><li><a href=\"https:\/\/www.consilium.europa.eu\/ro\/policies\/coronavirus\/pandemic-treaty\/\" target=\"_blank\" rel=\"noreferrer noopener\">Un acord interna\u021bional privind prevenirea pandemiilor \u0219i preg\u0103tirea pentru acestea &#8211; Consilium (europa.eu)<\/a><\/li><li><a href=\"https:\/\/www.consilium.europa.eu\/ro\/infographics\/towards-an-international-treaty-on-pandemics\/\" target=\"_blank\" rel=\"noreferrer noopener\">Acordul global privind pandemiile pe scurt &#8211; Consilium (europa.eu)<\/a> (inclusiv sursa ilustra\u021biilor)<\/li><\/ol>\n","protected":false},"excerpt":{"rendered":"<p>Timp aprox. de lectur\u0103: 2 minute Bolile infec\u021bioase \u0219i marile epidemii au un impact devastator asupra vie\u021bii oamenilor, provoc\u00e2nd &nbsp;victime \u0219i afect\u00e2nd dezvoltarea social\u0103 \u0219i economic\u0103 pe termen lung, dup\u0103 cum a demonstrat recenta pandemie Covid-19. Am trecut printr-o experien\u021b\u0103 care ne-a ar\u0103tat cum crizele mondiale \u00een domeniul s\u0103n\u0103t\u0103\u021bii amenin\u021b\u0103 s\u0103 cople\u0219easc\u0103 sistemele de s\u0103n\u0103tate [&hellip;]<\/p>\n","protected":false},"author":3,"featured_media":8495,"comment_status":"closed","ping_status":"closed","sticky":false,"template":"","format":"standard","meta":[],"categories":[152,6],"tags":[],"_links":{"self":[{"href":"https:\/\/www.easistent.ro\/index.php?rest_route=\/wp\/v2\/posts\/8515"}],"collection":[{"href":"https:\/\/www.easistent.ro\/index.php?rest_route=\/wp\/v2\/posts"}],"about":[{"href":"https:\/\/www.easistent.ro\/index.php?rest_route=\/wp\/v2\/types\/post"}],"author":[{"embeddable":true,"href":"https:\/\/www.easistent.ro\/index.php?rest_route=\/wp\/v2\/users\/3"}],"replies":[{"embeddable":true,"href":"https:\/\/www.easistent.ro\/index.php?rest_route=%2Fwp%2Fv2%2Fcomments&post=8515"}],"version-history":[{"count":1,"href":"https:\/\/www.easistent.ro\/index.php?rest_route=\/wp\/v2\/posts\/8515\/revisions"}],"predecessor-version":[{"id":8516,"href":"https:\/\/www.easistent.ro\/index.php?rest_route=\/wp\/v2\/posts\/8515\/revisions\/8516"}],"wp:featuredmedia":[{"embeddable":true,"href":"https:\/\/www.easistent.ro\/index.php?rest_route=\/wp\/v2\/media\/8495"}],"wp:attachment":[{"href":"https:\/\/www.easistent.ro\/index.php?rest_route=%2Fwp%2Fv2%2Fmedia&parent=8515"}],"wp:term":[{"taxonomy":"category","embeddable":true,"href":"https:\/\/www.easistent.ro\/index.php?rest_route=%2Fwp%2Fv2%2Fcategories&post=8515"},{"taxonomy":"post_tag","embeddable":true,"href":"https:\/\/www.easistent.ro\/index.php?rest_route=%2Fwp%2Fv2%2Ftags&post=8515"}],"curies":[{"name":"wp","href":"https:\/\/api.w.org\/{rel}","templated":true}]}}