{"id":9053,"date":"2024-12-18T09:50:51","date_gmt":"2024-12-18T07:50:51","guid":{"rendered":"https:\/\/www.easistent.ro\/?p=9053"},"modified":"2025-01-27T10:14:51","modified_gmt":"2025-01-27T08:14:51","slug":"editorial-de-decembrie","status":"publish","type":"post","link":"https:\/\/www.easistent.ro\/?p=9053","title":{"rendered":"Editorial de decembrie"},"content":{"rendered":"\n<div class=\"wp-block-image\"><figure class=\"alignleft size-large is-resized\"><a href=\"https:\/\/www.easistent.ro\/new\/wp-content\/uploads\/2024\/12\/poza-mazilu.png\"><img src=\"https:\/\/www.easistent.ro\/new\/wp-content\/uploads\/2024\/12\/poza-mazilu-1024x1003.png\" alt=\"\" class=\"wp-image-9024\" width=\"400\" srcset=\"https:\/\/www.easistent.ro\/new\/wp-content\/uploads\/2024\/12\/poza-mazilu-1024x1003.png 1024w, https:\/\/www.easistent.ro\/new\/wp-content\/uploads\/2024\/12\/poza-mazilu-300x294.png 300w, https:\/\/www.easistent.ro\/new\/wp-content\/uploads\/2024\/12\/poza-mazilu-768x753.png 768w, https:\/\/www.easistent.ro\/new\/wp-content\/uploads\/2024\/12\/poza-mazilu.png 1148w\" sizes=\"(max-width: 1024px) 100vw, 1024px\" \/><\/a><\/figure><\/div>\n\n\n\n<p class=\"has-drop-cap\">Lumea de ast\u0103zi, aparent mai larg\u0103, este mai mic\u0103 dec\u00e2t oric\u00e2nd cel pu\u021bin din dou\u0103 motive. Pe de o parte, este vorba despre reducerea timpului pentru c\u0103l\u0103torii \u0219i comunicare. Apoi, pe de alt\u0103 parte, vorbim despre tendin\u021ba spre izolare online, pe m\u0103sur\u0103 ce oamenii intr\u0103 \u00een camerele \u00eenguste ale \u201emicro-lumilor\u201d online, \u00een loc s\u0103 experimenteze adev\u0103rata comuniune \u0219i interac\u021biune uman\u0103.<\/p>\n\n\n\n<p>De aceea, cu at\u00e2t mai mult merit\u0103 amintit\u0103 \u0219i celebrat\u0103 \u00een fiecare an, pe 20 decembrie, Ziua interna\u021bional\u0103 a solidarit\u0103\u021bii umane, o s\u0103rb\u0103toare a ONU menit\u0103 s\u0103 \u00eencurajeze toate fiin\u021bele umane din orice mediu etnic, lingvistic, cultural, politic \u0219i religios s\u0103 se dedice conect\u0103rii reale cu toate celelalte fiin\u021be umane, \u00een \u00eencercarea de a rezolva diferitele probleme care apar \u00eentre oameni \u0219i ne afecteaz\u0103 pe to\u021bi.<\/p>\n\n\n\n<p>Ziua interna\u021bional\u0103 a solidarit\u0103\u021bii umane le reaminte\u0219te oamenilor de pretutindeni s\u0103 aspire la unitate \u0219i s\u0103 se implice al\u0103turi de al\u021bii \u00een lupta \u00eempotriva s\u0103r\u0103ciei, \u00eenc\u0103lc\u0103rii drepturilor omului, inegalit\u0103\u021bii \u0219i altor probleme. De asemenea, \u00eencurajeaz\u0103 to\u021bi oamenii din lume s\u0103 aprecieze umanitatea \u0219i s\u0103 construiasc\u0103 o societate mai bun\u0103, \u00een care libertatea, iubirea de semeni, dreptatea \u0219i egalitatea s\u0103 prevaleze cu adev\u0103rat.<\/p>\n\n\n\n<p>Apoi, ce poate fi mai potrivit dec\u00e2t a continua, \u00een acela\u0219i spirit al iubirii \u0219i solidarit\u0103\u021bii umane, s\u0103 celebr\u0103m s\u0103rb\u0103torile de iarn\u0103 care urmeaz\u0103, \u00eentre care ziua de 25 decembrie, adic\u0103 ziua de Cr\u0103ciun, poart\u0103 cea mai mare \u00eensemn\u0103tate.<\/p>\n\n\n\n<p>S\u0103rb\u0103toarea Cr\u0103ciunului, care celebreaz\u0103 Na\u0219terea M\u00e2ntuitorului Isus Hristos, este o s\u0103rb\u0103toare a luminii, a compasiunii fa\u021b\u0103 de semeni, o vreme de bucurie, bucate alese \u0219i clipe de neuitat petrecute cu familia.<\/p>\n\n\n\n<p>Cr\u0103ciunul mai este numit \u0219i s\u0103rb\u0103toarea familiei, este ocazia c\u00e2nd to\u021bi se reunesc &#8211; p\u0103rin\u021bi, copii, nepo\u021bi, \u00ee\u0219i fac daruri, se bucur\u0103 de clipele petrecute \u00eempreun\u0103 \u00een jurul mesei, cu credin\u021ba c\u0103 prin cinstirea cum se cuvine a s\u0103rb\u0103torilor vor avea un an mai bun.<\/p>\n\n\n\n<p>Dar \u00eenainte de a marca debutul tuturor acestor s\u0103rb\u0103tori de iarn\u0103, \u00een numele organiza\u021biei profesionale, am bucuria s\u0103 v\u0103 invit pe 18 decembrie la ora 17.00, la spectacolul online care v\u0103 este dedicat \u0219i pe care noi l-am denumit \u201dPoveste de Cr\u0103ciun\u201d. Acesta va fi g\u0103zduit pe pagina de Facebook a organiza\u021biei: <a href=\"https:\/\/www.facebook.com\/oamgmamr.bucuresti\">https:\/\/www.facebook.com\/oamgmamr.bucuresti<\/a>.<\/p>\n\n\n\n<p><strong>V\u0103 a\u0219tept\u0103m cu mult drag!<\/strong><\/p>\n\n\n\n<figure class=\"wp-block-image size-large\"><a href=\"https:\/\/www.easistent.ro\/new\/wp-content\/uploads\/2024\/12\/poveste.png\"><img width=\"1024\" height=\"358\" src=\"https:\/\/www.easistent.ro\/new\/wp-content\/uploads\/2024\/12\/poveste-1024x358.png\" alt=\"\" class=\"wp-image-9034\" srcset=\"https:\/\/www.easistent.ro\/new\/wp-content\/uploads\/2024\/12\/poveste-1024x358.png 1024w, https:\/\/www.easistent.ro\/new\/wp-content\/uploads\/2024\/12\/poveste-300x105.png 300w, https:\/\/www.easistent.ro\/new\/wp-content\/uploads\/2024\/12\/poveste-768x269.png 768w, https:\/\/www.easistent.ro\/new\/wp-content\/uploads\/2024\/12\/poveste.png 1321w\" sizes=\"(max-width: 1024px) 100vw, 1024px\" \/><\/a><\/figure>\n\n\n\n<p>\u00cen plus de acest moment de bucurie de care sper s\u0103 aib\u0103 parte c\u00e2t mai mul\u021bi colegi, v\u0103 \u00eencurajez s\u0103 aloca\u021bi timp \u0219i s\u0103 citi\u021bi articolele lunii decembrie, care prezint\u0103 o serie de teme de actualitate, \u0219i v\u0103 trimit, ca de obicei \u00een preajma s\u0103rb\u0103torilor de iarn\u0103, cele mai bune g\u00e2nduri, un an nou cu s\u0103n\u0103tate \u0219i multe \u00eempliniri pe plan personal \u0219i profesional!&nbsp;<\/p>\n\n\n\n<div class=\"wp-block-image\"><figure class=\"alignleft size-large\"><a href=\"https:\/\/www.easistent.ro\/new\/wp-content\/uploads\/2024\/12\/ren.png\"><img width=\"127\" height=\"133\" src=\"https:\/\/www.easistent.ro\/new\/wp-content\/uploads\/2024\/12\/ren.png\" alt=\"\" class=\"wp-image-9054\"\/><\/a><\/figure><\/div>\n\n\n\n<p><strong>S\u0103rb\u0103tori fericite, La Mul\u021bi Ani! <\/strong><\/p>\n\n\n\n<p><strong>Doina Carmen Mazilu, Pre\u0219edinte OAMGMAMR \u2013 filiala Bucure\u0219ti<\/strong><\/p>\n","protected":false},"excerpt":{"rendered":"<p>Lumea de ast\u0103zi, aparent mai larg\u0103, este mai mic\u0103 dec\u00e2t oric\u00e2nd cel pu\u021bin din dou\u0103 motive. Pe de o parte, este vorba despre reducerea timpului pentru c\u0103l\u0103torii \u0219i comunicare. Apoi, pe de alt\u0103 parte, vorbim despre tendin\u021ba spre izolare online, pe m\u0103sur\u0103 ce oamenii intr\u0103 \u00een camerele \u00eenguste ale \u201emicro-lumilor\u201d online, \u00een loc s\u0103 experimenteze [&hellip;]<\/p>\n","protected":false},"author":3,"featured_media":9024,"comment_status":"closed","ping_status":"closed","sticky":false,"template":"","format":"standard","meta":[],"categories":[152,54],"tags":[],"_links":{"self":[{"href":"https:\/\/www.easistent.ro\/index.php?rest_route=\/wp\/v2\/posts\/9053"}],"collection":[{"href":"https:\/\/www.easistent.ro\/index.php?rest_route=\/wp\/v2\/posts"}],"about":[{"href":"https:\/\/www.easistent.ro\/index.php?rest_route=\/wp\/v2\/types\/post"}],"author":[{"embeddable":true,"href":"https:\/\/www.easistent.ro\/index.php?rest_route=\/wp\/v2\/users\/3"}],"replies":[{"embeddable":true,"href":"https:\/\/www.easistent.ro\/index.php?rest_route=%2Fwp%2Fv2%2Fcomments&post=9053"}],"version-history":[{"count":2,"href":"https:\/\/www.easistent.ro\/index.php?rest_route=\/wp\/v2\/posts\/9053\/revisions"}],"predecessor-version":[{"id":9056,"href":"https:\/\/www.easistent.ro\/index.php?rest_route=\/wp\/v2\/posts\/9053\/revisions\/9056"}],"wp:featuredmedia":[{"embeddable":true,"href":"https:\/\/www.easistent.ro\/index.php?rest_route=\/wp\/v2\/media\/9024"}],"wp:attachment":[{"href":"https:\/\/www.easistent.ro\/index.php?rest_route=%2Fwp%2Fv2%2Fmedia&parent=9053"}],"wp:term":[{"taxonomy":"category","embeddable":true,"href":"https:\/\/www.easistent.ro\/index.php?rest_route=%2Fwp%2Fv2%2Fcategories&post=9053"},{"taxonomy":"post_tag","embeddable":true,"href":"https:\/\/www.easistent.ro\/index.php?rest_route=%2Fwp%2Fv2%2Ftags&post=9053"}],"curies":[{"name":"wp","href":"https:\/\/api.w.org\/{rel}","templated":true}]}}